{"id":938,"date":"2015-03-01T15:03:54","date_gmt":"2015-03-01T14:03:54","guid":{"rendered":"http:\/\/91.194.228.101\/martawiecka\/?p=938"},"modified":"2015-03-01T15:26:41","modified_gmt":"2015-03-01T14:26:41","slug":"i-rocznica-beatyfikacji-s-marty-wieckiej-czestochowa-24-25-maja-2009-r","status":"publish","type":"post","link":"https:\/\/martawiecka.pl\/?p=938","title":{"rendered":"I rocznica beatyfikacji S. Marty Wieckiej &#8211; Cz\u0119stochowa 24-25 maja 2009 r."},"content":{"rendered":"<div id=\"attachment_973\" style=\"width: 160px\" class=\"wp-caption alignright\"><a title=\"Galeria zdj\u0119\u0107 z I rocznicy Beatyfikacji Marty Wieckiej \u2013 Jasna G\u00f3ra 24-25 maja 2009 r.\" href=\"https:\/\/91.194.228.101\/martawiecka\/?page_id=975\" target=\"_blank\"><img loading=\"lazy\" decoding=\"async\" aria-describedby=\"caption-attachment-973\" class=\"wp-image-973 size-thumbnail\" src=\"https:\/\/91.194.228.101\/martawiecka\/wp-content\/uploads\/2015\/03\/28_m-150x119.jpg\" alt=\"28_m\" width=\"150\" height=\"119\" \/><\/a><p id=\"caption-attachment-973\" class=\"wp-caption-text\"><span style=\"font-family: 'Cantora One',sans-serif;\">Galeria zdj\u0119\u0107<\/span><\/p><\/div>\n<p><span style=\"font-family: 'Cantora One',sans-serif;\">Pierwsza rocznica beatyfikacji S. Marty Wieckiej zosta\u0142a uczczona kilkoma spotkaniami modlitewnymi. Na g\u0142\u00f3wne miejsce dzi\u0119kczynienia zosta\u0142a wybrana Jasna G\u00f3ra. Przypomnijmy, \u017ce beatyfikacja odby\u0142a si\u0119 24 maja 2008 roku we Lwowie. W\u0142a\u015bnie na Jasnej G\u00f3rze, u st\u00f3p Maryi &#8211; Jedynej Matki Zgromadzenia, zebra\u0142y si\u0119 trzy polskie Prowincje Si\u00f3str Mi\u0142osierdzia oraz Prowincja S\u0142owacka. Ucieszy\u0142a nas tak\u017ce obecno\u015b\u0107 zaprzyja\u017anionych Si\u00f3str Mi\u0142osierdzia obrz\u0105dku greko \u2013 katolickiego. <\/span><!--more--><\/p>\n<p><span style=\"font-family: 'Cantora One',sans-serif;\">W dzi\u0119kczynieniu udzia\u0142 wzi\u0119li r\u00f3wnie\u017c krewni b\u0142ogos\u0142awionej. Wymieni\u0107 trzeba tak\u017ce licznie zgromadzonych czcicieli siostry Marty, w tym mi\u0119dzy innymi delegacj\u0119 Publicznej Szko\u0142y Podstawowej w Szczodrowie nosz\u0105cej imi\u0119 s. Marty. Ponadto w obchodach uczestniczyli g\u00f3rale z Ochotnicy Dolnej, gdzie pos\u0142uguj\u0105 nasze siostry oraz delegacje Wincenty\u0144skiej M\u0142odzie\u017cy Maryjnej (JMV) z ca\u0142ej Polski.<\/span><\/p>\n<p><span style=\"font-family: 'Cantora One',sans-serif;\">Modlitewne czuwanie rozpocz\u0119\u0142o si\u0119 o godz. 17.00 uroczyst\u0105 Msz\u0105 \u015awi\u0119t\u0105 pod przewodnictwem Ksi\u0119dza Arcybiskupa Mieczys\u0142awa Mokrzyckiego, Metropolity Lwowskiego obrz\u0105dku \u0142aci\u0144skiego, kt\u00f3ry <a title=\"Abp Mieczys\u0142aw Mokrzycki\" href=\"https:\/\/91.194.228.101\/martawiecka\/?page_id=948\" target=\"_blank\">powita\u0142 <\/a>przyby\u0142ych pielgrzym\u00f3w.W koncelebrze uczestniczyli licznie przybyli kap\u0142ani. Ksi\u0105dz Arcybiskup wyg\u0142osi\u0142 tak\u017ce <a title=\"Homilia Abpa Mieczys\u0142awa Mokrzyckiego\" href=\"https:\/\/91.194.228.101\/martawiecka\/?page_id=953\" target=\"_blank\">homili\u0119<\/a>.<\/span><\/p>\n<p><span style=\"font-family: 'Cantora One',sans-serif;\">Wszyscy wierni zgromadzeni pod czu\u0142ym spojrzeniem Jasnog\u00f3rskiej Pani dzi\u0119kowali za dar, jakim by\u0142o \u017cycie s. Marty, a tak\u017ce za \u201ewielkie rzeczy\u201d, jakie B\u00f3g czyni w swym niezg\u0142\u0119bionym mi\u0142osierdziu przez Jej wstawiennictwo. Nieprzypadkowo nazywana jest do dzi\u015b Matuszk\u0105. Pi\u0119knie przygotowana liturgia, wzbogacona dodatkowo \u015bpiewami si\u00f3str z Ukrainy, pomaga\u0142a wszystkim zgromadzonym prze\u017cywa\u0107 Uczt\u0119 Eucharystyczn\u0105.<\/span><\/p>\n<p><span style=\"font-family: 'Cantora One',sans-serif;\">Kolejnym punktem naszego czuwania by\u0142o spotkanie w auli Jana Paw\u0142a II. Poprzedzone by\u0142o ono prezentacj\u0105 multimedialn\u0105 przywo\u0142uj\u0105c\u0105 \u017cycie S. Marty oraz pami\u0119tn\u0105 chwil\u0119 beatyfikacji. Przywo\u0142ane obrazy wyzwoli\u0142y w nas wiele wzrusze\u0144 i emocji. Ks. Marcin Stasiowski (Dyrektor Krakowskiej Prowincji Si\u00f3str Mi\u0142osierdzia) przywita\u0142 go\u015bci, kt\u00f3rzy wype\u0142nili ca\u0142\u0105 aul\u0119. Nast\u0119pnie Metropolita Lwowski podzieli\u0142 si\u0119 wspomnieniami z beatyfikacji, dzi\u0119kuj\u0105c szczeg\u00f3lnie Siostrom Mi\u0142osierdzia za pomoc w zorganizowaniu tamtej uroczysto\u015bci. Nast\u0119pnie g\u0142os zabra\u0142a siostra Janina Stachowiak, kt\u00f3ra w Prowincji Krakowskiej odpowiedzialna jest za szerzenie kultu s. Marty. W swym wyst\u0105pieniu ukaza\u0142a dynamik\u0119 kultu B\u0142ogos\u0142awionej. Przytoczone przez referentk\u0119 \u015bwiadectwa o doznanych \u0142askach za wstawiennictwem s. Marty pokazuj\u0105, \u017ce Jej kult jest bardzo \u017cywy i rozci\u0105ga si\u0119 nawet poza granice Europy (Arabia Saudyjska, Brazylia, Kanada, Wietnam, Malta).<\/span><\/p>\n<p><span style=\"font-family: 'Cantora One',sans-serif;\">W tej cz\u0119\u015bci spotkania szczeg\u00f3lnie poruszaj\u0105ce by\u0142y \u015bwiadectwa os\u00f3b, kt\u00f3re do\u015bwiadczy\u0142y \u0142aski uzdrowienia za przyczyn\u0105 s. Marty. Pani Wanda \u017balikowska jest przekonana, \u017ce w\u0142a\u015bnie dzi\u0119ki \u017carliwej i wytrwa\u0142ej modlitwie przez wstawiennictwo B\u0142ogos\u0142awionej nie utraci\u0142a wzroku. Dzi\u015b przepe\u0142niona wdzi\u0119czno\u015bci\u0105 sama stara si\u0119 szerzy\u0107 Jej kult. Bardzo osobista relacja pani Wandy wprowadzi\u0142a zebranych w do\u015bwiadczenie tajemnicy \u015bwi\u0119tych obcowania. R\u00f3wnie poruszaj\u0105ce by\u0142o \u015bwiadectwo pana Mieczys\u0142awa Haftki dotkni\u0119tego w przesz\u0142o\u015bci powa\u017cnie zaawansowan\u0105 chorob\u0105 nowotworow\u0105. Wtedy, gdy lekarze byli ju\u017c bezradni, mia\u0142o miejsce cudowne uzdrowienie. Obecnie m\u0119\u017cczyzna cieszy si\u0119 zdrowiem, nieustannie dzi\u0119kuje Bogu za doznan\u0105 \u0142ask\u0119 i dar przyja\u017ani z siostr\u0105 Mart\u0105.<\/span><\/p>\n<p><span style=\"font-family: 'Cantora One',sans-serif;\">Wszystkich zainteresowa\u0142a tak\u017ce informacja o historii nadania imienia s. Marty Wieckiej Publicznej Szkole Podstawowej w Szczodrowie. Zar\u00f3wno pani Dyrektor Mariola Bielecka, jak i kierowniczka \u015bwietlicy pani Iwona Kruszewska, zwr\u00f3ci\u0142y uwag\u0119 na oddzia\u0142ywanie wyj\u0105tkowej Patronki na uczni\u00f3w: dzieci przy pomocy wychowawc\u00f3w pragn\u0105 poznawa\u0107 i na\u015bladowa\u0107 \u017cycie swojej duchowej Opiekunki. Od dzieci\u0144stwa by\u0142o ono przepe\u0142nione nieustann\u0105 prac\u0105 nad sob\u0105, zbli\u017caj\u0105c\u0105 do Jezusa. W post\u0119powaniu s. Marty mo\u017cna dostrzec hart ducha, odpowiedzialno\u015b\u0107 oraz m\u0105dry spos\u00f3b wybierania warto\u015bci. S\u0105 one przekazywane innym poprzez w\u0142asny przyk\u0142ad, a\u017c do ofiary z \u017cycia. O mi\u0142o\u015bci do s. Marty \u015bwiadczy entuzjazm, z jakim uczniowie za\u015bpiewali piosenk\u0119 o Jej \u017cyciu.<\/span><\/p>\n<p><span style=\"font-family: 'Cantora One',sans-serif;\">Godzina 21.00 na Jasnej G\u00f3rze to czas Apelu<a href=\"https:\/\/martawiecka.pl\/materialy\/Apel.doc\">.<\/a> Uczestniczyli\u015bmy w nim wszyscy, wpisuj\u0105c ten moment w radosny nastr\u00f3j dzi\u0119kczynienia. Modlitwie \u2013 docieraj\u0105cej za pomoc\u0105 Radia Maryja i TV Trwam do tysi\u0119cy wiernych \u2013 towarzyszy\u0142o przes\u0142anie Ksi\u0119dza Arcybiskupa Mieczys\u0142awa Mokrzyckiego. Przed Cudownym Obrazem Matki powiedzia\u0142 on: \u201eGromadzisz nas swoje dzieci, tutaj na Jasnej G\u00f3rze w swoim domu, gdzie od wiek\u00f3w ws\u0142uchujesz si\u0119 w serca, my\u015bli i s\u0142owa wyra\u017cone w modlitwach. Mamie zawsze m\u00f3wi si\u0119 to czym si\u0119 \u017cyje, wi\u0119c z pokor\u0105 prosimy, by\u015b nas wys\u0142ucha\u0142a i zanios\u0142a nasze sprawy do swego syna Jezusa Chrystusa\u201d.<\/span><\/p>\n<p><span style=\"font-family: 'Cantora One',sans-serif;\">Wyra\u017anie w tych rozwa\u017caniach zosta\u0142a zaakcentowana potrzeba na\u015bladowania Maryi na wz\u00f3r s. Marty. Wewn\u0119trzny dynamizm serca kontempluj\u0105cego Maryj\u0119 przeobra\u017ca serca innych, przeobra\u017ca \u015bwiat, kt\u00f3ry w ten spos\u00f3b staje si\u0119 obrazem i uciele\u015bnieniem intencji Bo\u017cych. A wszystko to przez pos\u0142ug\u0119 cz\u0142owieka \u2013 jak\u017ce i prost\u0105, i trudn\u0105 zarazem.<\/span><\/p>\n<p><span style=\"font-family: 'Cantora One',sans-serif;\">Na zako\u0144czenie rozwa\u017ca\u0144 pop\u0142yn\u0119\u0142y \u017cyczenia polecaj\u0105ce Bo\u017cej Opatrzno\u015bci wszystkich pracownik\u00f3w s\u0142u\u017cby zdrowia i plac\u00f3wek, kt\u00f3re opiekuj\u0105 si\u0119 chorymi. Ta trudna pos\u0142uga -przekonywa\u0142 Arcybiskup \u2013 mo\u017ce sta\u0107 si\u0119 nasz\u0105 osobist\u0105 drog\u0105 do \u015bwi\u0119to\u015bci. Poleci\u0142 tak\u017ce Pani Jasnog\u00f3rskiej wszelkie sprawy Zgromadzenia Si\u00f3str Mi\u0142osierdzia z jednoczesnymi \u017cyczeniami, by wyniesienie na o\u0142tarze wsp\u00f3\u0142siostry umacnia\u0142o s\u0142u\u017cb\u0119 Si\u00f3str: \u201eNiech ziemia wyda b\u0142ogos\u0142awiony owoc \u015bwi\u0119to\u015bci ka\u017cdego, kto zwraca si\u0119 do Boga za wstawiennictwem Siostry Wieckiej. Niech ta ziemia u\u015bwi\u0119cona Jej pos\u0142ug\u0105 i \u015bwi\u0119t\u0105 pami\u0119ci\u0105 wydaje tak\u017ce wiele powo\u0142a\u0144 wsz\u0119dzie tam, gdzie Siostry Mi\u0142osierdzia \u015aw. Wincentego a Paulo s\u0105 przed\u0142u\u017ceniem Bo\u017cych d\u0142oni\u201d.<\/span><\/p>\n<p><span style=\"font-family: 'Cantora One',sans-serif;\">Kontynuacj\u0105 modlitewnego czuwania by\u0142 wsp\u00f3lny r\u00f3\u017caniec przygotowany przez siostry z Prowincji Warszawskiej. O p\u00f3\u0142nocy zosta\u0142a odprawiona uroczysta Msza \u015awi\u0119ta, kt\u00f3rej przewodniczy\u0142 ks. Marcin Stasiowski. W homilii przypomnia\u0142 o potrzebie rozpoznawania i podporz\u0105dkowania si\u0119 natchnieniom Ducha \u015awi\u0119tego, kt\u00f3re wytycza\u0142y tak\u017ce drog\u0119 s. Marty. Po Eucharystii mo\u017cna by\u0142o odda\u0107 ho\u0142d relikwiom B\u0142ogos\u0142awionej.<\/span><\/p>\n<p><span style=\"font-family: 'Cantora One',sans-serif;\">Od godziny 2.15 w nocy rozwa\u017ca\u0142y\u015bmy poszczeg\u00f3lne stacje Drogi Krzy\u017cowej odczytuj\u0105c w nich konkretne wydarzenia z \u017cycia s. Marty. Modlitw\u0119 prowadzi\u0142y siostry z Prowincji Che\u0142mi\u0144skiej. Bezpo\u015brednio po Drodze Krzy\u017cowej siostry z Lwowa wykona\u0142y Akatyst. Czuwanie modlitewne zako\u0144czy\u0142o b\u0142ogos\u0142awie\u0144stwo relikwiami S. Marty o godz.4.00.<\/span><\/p>\n<p><span style=\"font-family: 'Cantora One',sans-serif;\">Pozosta\u0142o nam przekonanie o jedno\u015bci, jednej Rodzinie. Zgromadzi\u0142a nas Matka: \u201eMama, kt\u00f3rej mo\u017cna wszystko powiedzie\u0107\u201d \u2013 jak powiedzia\u0142 abp Mieczys\u0142aw Mokrzycki. To by\u0142o czuwanie pe\u0142ne szcz\u0119\u015bcia i ufamy, \u017ce zaowocuje w naszym \u017cyciu.<\/span><\/p>\n<p><strong><b><\/b><br \/>\n<\/strong><\/p>\n","protected":false},"excerpt":{"rendered":"<p>Pierwsza rocznica beatyfikacji S. Marty Wieckiej zosta\u0142a uczczona kilkoma spotkaniami modlitewnymi. Na g\u0142\u00f3wne miejsce dzi\u0119kczynienia zosta\u0142a wybrana Jasna G\u00f3ra. Przypomnijmy, \u017ce beatyfikacja odby\u0142a si\u0119 24 maja 2008 roku we Lwowie. W\u0142a\u015bnie na Jasnej G\u00f3rze, u st\u00f3p Maryi &#8211; Jedynej Matki Zgromadzenia, zebra\u0142y si\u0119 trzy polskie Prowincje Si\u00f3str Mi\u0142osierdzia oraz Prowincja S\u0142owacka. Ucieszy\u0142a nas tak\u017ce obecno\u015b\u0107 [&hellip;]<\/p>\n","protected":false},"author":1,"featured_media":0,"comment_status":"closed","ping_status":"closed","sticky":false,"template":"","format":"standard","meta":{"footnotes":""},"categories":[3],"tags":[],"class_list":["post-938","post","type-post","status-publish","format-standard","hentry","category-wydarzenia"],"_links":{"self":[{"href":"https:\/\/martawiecka.pl\/index.php?rest_route=\/wp\/v2\/posts\/938","targetHints":{"allow":["GET"]}}],"collection":[{"href":"https:\/\/martawiecka.pl\/index.php?rest_route=\/wp\/v2\/posts"}],"about":[{"href":"https:\/\/martawiecka.pl\/index.php?rest_route=\/wp\/v2\/types\/post"}],"author":[{"embeddable":true,"href":"https:\/\/martawiecka.pl\/index.php?rest_route=\/wp\/v2\/users\/1"}],"replies":[{"embeddable":true,"href":"https:\/\/martawiecka.pl\/index.php?rest_route=%2Fwp%2Fv2%2Fcomments&post=938"}],"version-history":[{"count":7,"href":"https:\/\/martawiecka.pl\/index.php?rest_route=\/wp\/v2\/posts\/938\/revisions"}],"predecessor-version":[{"id":940,"href":"https:\/\/martawiecka.pl\/index.php?rest_route=\/wp\/v2\/posts\/938\/revisions\/940"}],"wp:attachment":[{"href":"https:\/\/martawiecka.pl\/index.php?rest_route=%2Fwp%2Fv2%2Fmedia&parent=938"}],"wp:term":[{"taxonomy":"category","embeddable":true,"href":"https:\/\/martawiecka.pl\/index.php?rest_route=%2Fwp%2Fv2%2Fcategories&post=938"},{"taxonomy":"post_tag","embeddable":true,"href":"https:\/\/martawiecka.pl\/index.php?rest_route=%2Fwp%2Fv2%2Ftags&post=938"}],"curies":[{"name":"wp","href":"https:\/\/api.w.org\/{rel}","templated":true}]}}