{"id":918,"date":"2015-03-01T14:48:31","date_gmt":"2015-03-01T13:48:31","guid":{"rendered":"http:\/\/91.194.228.101\/martawiecka\/?p=918"},"modified":"2015-03-01T14:57:09","modified_gmt":"2015-03-01T13:57:09","slug":"dziekczynienie-w-i-sza-rocznice-beatyfikacji-s-marty-wieckiej-w-sniatynie-na-ukrainie","status":"publish","type":"post","link":"https:\/\/martawiecka.pl\/?p=918","title":{"rendered":"Dzi\u0119kczynienie w I-sz\u0105 rocznic\u0119 beatyfikacji s. Marty Wieckiej w \u015aniatynie na Ukrainie"},"content":{"rendered":"<h6><span style=\"font-family: 'Cantora One',sans-serif;\">24 maja 2009 r.<\/span><\/h6>\n<p align=\"RIGHT\"><span style=\"font-family: 'Cantora One',sans-serif; font-size: 14px;\"><em>Niech nasz\u0105 jedyn\u0105 t\u0119sknot\u0105 stanie si\u0119 niebo,<\/em><\/span><br \/>\n<span style=\"font-family: 'Cantora One',sans-serif; font-size: 14px;\"><em> troska o taki stan duszy,<\/em><\/span><br \/>\n<span style=\"font-family: 'Cantora One',sans-serif; font-size: 14px;\"><em> by w ka\u017cdej chwili by\u0107 gotow\u0105 stan\u0105\u0107 przed Bogiem.<\/em><\/span><br \/>\n<span style=\"font-family: 'Cantora One',sans-serif; font-size: 14px;\"><em> S. Marta Wiecka<\/em><\/span><\/p>\n<div id=\"attachment_924\" style=\"width: 160px\" class=\"wp-caption alignright\"><a title=\"Galeria zdj\u0119\u0107 z uroczysto\u015bci rocznicowych \u2013 \u015aniatyn 24 maja 2009 r.\" href=\"https:\/\/91.194.228.101\/martawiecka\/?page_id=921\"><img loading=\"lazy\" decoding=\"async\" aria-describedby=\"caption-attachment-924\" class=\"wp-image-924 size-thumbnail\" src=\"https:\/\/91.194.228.101\/martawiecka\/wp-content\/uploads\/2015\/03\/sniatyn_2-150x150.jpg\" alt=\"sniatyn_(2)\" width=\"150\" height=\"150\" \/><\/a><p id=\"caption-attachment-924\" class=\"wp-caption-text\"><span style=\"font-family: 'Cantora One',sans-serif;\">Galeria zdj\u0119\u0107 z uroczysto\u015bci<\/span><\/p><\/div>\n<p><span style=\"font-family: 'Cantora One',sans-serif;\">Dnia 24 maja 2009 r., w Uroczysto\u015b\u0107 Wniebowst\u0105pienia Pa\u0144skiego, w \u015aniatynie zgromadzi\u0142 si\u0119 t\u0142um wiernych z ponad 30 miejscowo\u015bci, 28 kap\u0142an\u00f3w, siostry zakonne z dekanatu Iwano-Frankiwskiego i Czerniowieckiego, klerycy z Seminarium Duchownego w Brzuchowicach oraz pielgrzymi z Ukrainy i Polski (ze Skarszew, Szczodrowa, Bystrej, Krakowa). Przyby\u0142 r\u00f3wnie\u017c pielgrzym z Iranu. <\/span><!--more--><\/p>\n<p><span style=\"font-family: 'Cantora One',sans-serif;\">Licznie zgromadzili si\u0119 czciciele b\u0142. s. Marty r\u00f3\u017cnych wyzna\u0144, by podzi\u0119kowa\u0107 Wszechmog\u0105cemu Bogu za dar beatyfikacji Matuszki \u015bniaty\u0144skiej ziemi, B\u0142ogos\u0142awionej s. Marty Wieckiej.<\/span><\/p>\n<p><span style=\"font-family: 'Cantora One',sans-serif;\">Uroczysto\u015bci dzi\u0119kczynne rozpocz\u0119\u0142y si\u0119 o godzinie 13:30 nabo\u017ce\u0144stwem ekumenicznym przy grobie B\u0142ogos\u0142awionej s. Marty. Modlitwie przewodniczy\u0142 proboszcz \u015bniaty\u0144skiej parafii ks. Aleksander Szczerbaty oraz ojciec W\u0142odzimierz Slaga z Budy\u0142owa (obrz\u0105dek greko-katolicki). Ze szczeg\u00f3lnym wzruszeniem modlili\u015bmy si\u0119, dzi\u0119kuj\u0105c i wychwalaj\u0105c Boga s\u0142owami pie\u015bni \u201eLaudate omnes gentes, laudate Dominum&#8230;\u201d za dar \u017cycia i powo\u0142ania s. Marty, za wszelkie \u0142aski otrzymane za Jej wstawiennictwem, za Pierwsz\u0105 Rocznic\u0119 Beatyfikacji, za Zgromadzenie Si\u00f3str Mi\u0142osierdzia, w kt\u00f3rym wzrasta\u0142a do \u015bwi\u0119to\u015bci, za wszystkich B\u0142ogos\u0142awionych i \u015awi\u0119tych Rodziny Wincenty\u0144skiej.<\/span><\/p>\n<p><span style=\"font-family: 'Cantora One',sans-serif;\">Po procesyjnym przybyciu do ko\u015bcio\u0142a parafialnego, w kaplicy b\u0142. s. Marty, w kt\u00f3rym znajduje si\u0119 obraz beatyfikacyjny, od\u015bpiewano uroczyste Te Deum. W modlitewnym skupieniu trwa\u0142o przygotowanie do Mszy \u015bw., kt\u00f3ra rozpocz\u0119\u0142a si\u0119 o godzinie 15:00 pod przewodnictwem J.E. Ksi\u0119dza Biskupa Leona Ma\u0142ego. W wyg\u0142oszonej homilii Ksi\u0105dz Biskup podkre\u015bli\u0142, \u017ce uroczysto\u015b\u0107 Wniebowst\u0105pienia Pa\u0144skiego przypomina nam ci\u0105g\u0142\u0105 t\u0119sknot\u0119 s. Marty za niebem.<\/span><\/p>\n<p><span style=\"font-family: 'Cantora One',sans-serif;\">Parafialny ch\u00f3r ubogaca\u0142 swoim \u015bpiewem Liturgi\u0119. Specjalnie na t\u0119 uroczysto\u015b\u0107 zosta\u0142y przet\u0142umaczone na j\u0119zyk ukrai\u0144ski pie\u015bni o s. Marcie Wieckiej.<\/span><\/p>\n<p><span style=\"font-family: 'Cantora One',sans-serif;\">Po Mszy \u015bwi\u0119tej na placu przed ko\u015bcio\u0142em klerycy z Seminarium Duchownego w Brzuchowicach swoim graniem i \u015bpiewaniem przed\u0142u\u017cyli \u015bwi\u0105teczny nastr\u00f3j. Dla zgromadzonych by\u0142a to okazja do rozmowy, do dzielenia si\u0119 rado\u015bciami i trudno\u015bciami. Wszyscy tworzyli jedno&#8230; W tym czasie parafianie cz\u0119stowali pielgrzym\u00f3w. W wyznaczonym miejscu mo\u017cna by\u0142o naby\u0107 ulotki o s. Marcie, r\u00f3\u017ca\u0144ce, albumy beatyfikacyjne i inne materia\u0142y o B\u0142ogos\u0142awionej.<\/span><\/p>\n<p><span style=\"font-family: 'Cantora One',sans-serif;\">Po godzinie 18-ej pielgrzymi powoli zacz\u0119li opuszcza\u0107 miejsca zwi\u0105zane z \u017cyciem, pos\u0142ug\u0105 i \u015bmierci\u0105 b\u0142. s. Marty.<\/span><\/p>\n<p><span style=\"font-family: 'Cantora One',sans-serif;\">\u015aniaty\u0144ski gr\u00f3b \u2013 tu si\u0119 co\u015b zako\u0144czy\u0142o i jednocze\u015bnie zacz\u0119\u0142o&#8230;<\/span><\/p>\n<p>&nbsp;<\/p>\n","protected":false},"excerpt":{"rendered":"<p>24 maja 2009 r. Niech nasz\u0105 jedyn\u0105 t\u0119sknot\u0105 stanie si\u0119 niebo, troska o taki stan duszy, by w ka\u017cdej chwili by\u0107 gotow\u0105 stan\u0105\u0107 przed Bogiem. S. Marta Wiecka Dnia 24 maja 2009 r., w Uroczysto\u015b\u0107 Wniebowst\u0105pienia Pa\u0144skiego, w \u015aniatynie zgromadzi\u0142 si\u0119 t\u0142um wiernych z ponad 30 miejscowo\u015bci, 28 kap\u0142an\u00f3w, siostry zakonne z dekanatu Iwano-Frankiwskiego i [&hellip;]<\/p>\n","protected":false},"author":1,"featured_media":0,"comment_status":"closed","ping_status":"closed","sticky":false,"template":"","format":"standard","meta":{"footnotes":""},"categories":[3],"tags":[],"class_list":["post-918","post","type-post","status-publish","format-standard","hentry","category-wydarzenia"],"_links":{"self":[{"href":"https:\/\/martawiecka.pl\/index.php?rest_route=\/wp\/v2\/posts\/918","targetHints":{"allow":["GET"]}}],"collection":[{"href":"https:\/\/martawiecka.pl\/index.php?rest_route=\/wp\/v2\/posts"}],"about":[{"href":"https:\/\/martawiecka.pl\/index.php?rest_route=\/wp\/v2\/types\/post"}],"author":[{"embeddable":true,"href":"https:\/\/martawiecka.pl\/index.php?rest_route=\/wp\/v2\/users\/1"}],"replies":[{"embeddable":true,"href":"https:\/\/martawiecka.pl\/index.php?rest_route=%2Fwp%2Fv2%2Fcomments&post=918"}],"version-history":[{"count":3,"href":"https:\/\/martawiecka.pl\/index.php?rest_route=\/wp\/v2\/posts\/918\/revisions"}],"predecessor-version":[{"id":920,"href":"https:\/\/martawiecka.pl\/index.php?rest_route=\/wp\/v2\/posts\/918\/revisions\/920"}],"wp:attachment":[{"href":"https:\/\/martawiecka.pl\/index.php?rest_route=%2Fwp%2Fv2%2Fmedia&parent=918"}],"wp:term":[{"taxonomy":"category","embeddable":true,"href":"https:\/\/martawiecka.pl\/index.php?rest_route=%2Fwp%2Fv2%2Fcategories&post=918"},{"taxonomy":"post_tag","embeddable":true,"href":"https:\/\/martawiecka.pl\/index.php?rest_route=%2Fwp%2Fv2%2Ftags&post=918"}],"curies":[{"name":"wp","href":"https:\/\/api.w.org\/{rel}","templated":true}]}}