{"id":4461,"date":"2024-01-12T13:44:19","date_gmt":"2024-01-12T12:44:19","guid":{"rendered":"https:\/\/martawiecka.pl\/?p=4461"},"modified":"2024-01-21T13:45:16","modified_gmt":"2024-01-21T12:45:16","slug":"xiii-rocznica-beatyfikacji-2-2-2","status":"publish","type":"post","link":"https:\/\/martawiecka.pl\/?p=4461","title":{"rendered":"150. rocznica urodzin b\u0142. s. Marty"},"content":{"rendered":"\n<p><\/p>\n\n\n\n<p>12 stycznia 2024 roku rozpocz\u0119\u0142y\u015bmy \u015bwi\u0119towanie 150. Rocznicy urodzin naszej B\u0142ogos\u0142awionej Siostry Marty Wieckiej.<\/p>\n\n\n\n<p>W kaplicy Si\u00f3str Mi\u0142osierdzia domu prowincjalnego w Krakowie, o godz. 17.00 Eucharysti\u0119 sprawowa\u0142 ks. Bogdan Zapotoczny CM, Dyrektor Prowincji. W homilii przypomnia\u0142 po kr\u00f3tce \u017cycie Siostry Marty.<\/p>\n\n\n\n<p>Natomiast o godz.19.00 mia\u0142a miejsce celebracja po\u015bwi\u0119cona Siostrze Marcie, kt\u00f3r\u0105 przygotowa\u0142a wsp\u00f3lnota Postulatu.<\/p>\n\n\n\n<p>Ta cicha, prosta i pokorna Siostra Mi\u0142osierdzia jest dla nas \u015bwietlanym wzorem ca\u0142kowitego oddania Bogu, g\u0142\u0119bokiej modlitwy, wiary, wierno\u015bci powo\u0142aniu, zatroskania o cz\u0142owieka chorego i cierpi\u0105cego w jego wymiarze fizycznym i duchowym. Wiemy jak bardzo zale\u017ca\u0142o jej na zbawieniu ka\u017cdego cz\u0142owieka! Jej mi\u0142o\u015b\u0107 do Boga i do ludzi by\u0142a na wskro\u015b ewangeliczna. Jej \u017cycie sta\u0142o si\u0119 urzeczywistnieniem s\u0142\u00f3w Jezusa, kt\u00f3ry powiedzia\u0142: <strong>\u201eNikt nie ma wi\u0119kszej mi\u0142o\u015bci od tej, gdy kto\u015b \u017cycie swoje oddaje za przyjaci\u00f3\u0142 swoich\u201d<\/strong><br \/>(J 15,13). W chwili gdy zasz\u0142a taka potrzeba, nie zawaha\u0142a si\u0119 odda\u0107 swego \u017cycia dla ratowania swego Brata.<\/p>\n\n\n\n<p><strong>24 maja 2008 roku<\/strong> Matka Evelyne Franc (1948-2024) \u00f3wczesna Prze\u0142o\u017cona&nbsp; Generalna Zgromadzenia Si\u00f3str Mi\u0142osierdzia, uczestniczy\u0142a w Beatyfikacji Siostry Marty Wieckiej we Lwowie. A podczas celebracji dzi\u0119kczynienia za Jej Beatyfikacj\u0119 w \u015aniatynie 25 maja powiedzia\u0142a m.in.:&nbsp;<\/p>\n\n\n\n<p>&nbsp;\u201e&#8230;Pragn\u0119 w imieniu Zgromadzenia podzi\u0119kowa\u0107 Panu Bogu, kt\u00f3ry nas tutaj zgromadzi\u0142, gdy\u017c uczyni\u0142 wielkie rzeczy poprzez prost\u0105 Siostr\u0119 Mi\u0142osierdzia, nasz\u0105 b\u0142ogos\u0142awion\u0105 Siostr\u0119 Mart\u0119, kt\u00f3rej dzi\u015b wsp\u00f3lnie oddajemy cze\u015b\u0107. Wiemy, \u017ce ca\u0142e \u017cycie Siostry Marty utkane by\u0142o czynami mi\u0142o\u015bci do Pana Boga, kt\u00f3rego rozpoznawa\u0142a i kt\u00f3remu s\u0142u\u017cy\u0142a w swojej rodzinie, w bli\u017anim, w Siostrach we wsp\u00f3lnocie, w Ubogich, kt\u00f3rym pomaga\u0142a kompetentnie i \u0142agodnie, m\u00f3wi\u0105c o Bogu Mi\u0142o\u015bci i o Maryi Dziewicy, naszej Matce. \u017bycie siostry Marty zako\u0144czy\u0142o si\u0119 ostatnim aktem mi\u0142o\u015bci &#8211; ofiar\u0105 z samej siebie, by ocali\u0107 kogo\u015b drugiego, w\u0142a\u015bnie tutaj w \u015aniatynie. Wiemy, jak bardzo \u015bwiadectwo jej \u017cycia naznaczy\u0142o wsp\u00f3\u0142czesnych ludzi i jak pieczo\u0142owicie pami\u0119\u0107 o niej zachowywana by\u0142a z pokolenia na pokolenie. My wszyscy tutaj obecni sprawimy, by ja\u015bnia\u0142a ona wok\u00f3\u0142 nas od po\u0142udnia Hiszpanii po Niemcy, od Albanii do Belgii i od Portugalii po Liban. B\u0119dziemy tak\u017ce jak ona budowniczymi jedno\u015bci i \u015bwiadkami pokoju oraz przebaczenia. Dzi\u0119kuj\u0119 miastu \u015aniatyn za wiern\u0105 pami\u0119\u0107 o Siostrze Marcie, dzi\u0119kuj\u0119 raz jeszcze wszystkim, kt\u00f3rzy na te \u015bwi\u0105teczne dni przybyli z ca\u0142ej Europy&#8230; Niech Dziewica Maryja, kt\u00f3rej siostra Marta powierza\u0142a si\u0119 we wszystkich do\u015bwiadczeniach, a tak\u017ce sama B\u0142ogos\u0142awiona sprawi\u0105, by wznosi\u0142y si\u0119 ku Panu wszystkie intencje, kt\u00f3re nosimy w naszych sercach.<\/p>\n\n\n\n<p>30 maja b\u0119dziemy r\u00f3wnie\u017c prze\u017cywa\u0107 120. rocznic\u0119 \u015bmierci B\u0142ogos\u0142awionej Siostry Marty. &nbsp;<\/p>\n\n\n\n<p>W tym roku Jubileuszowym Pan B\u00f3g daje nam mo\u017cliwo\u015b\u0107 wypraszania wielu \u0142ask.<\/p>\n\n\n\n<p>Przez wstawiennictwo naszej B\u0142ogos\u0142awionej Siostry powierzajmy Mu wszelkie intencje. (mo\u017cna to zrobi\u0107 w sekcji &#8222;ZAPAL \u015aWIEC\u0118&#8221;)<\/p>\n\n\n\n<figure class=\"wp-block-gallery has-nested-images columns-default is-cropped wp-block-gallery-1 is-layout-flex wp-block-gallery-is-layout-flex\">\n<figure class=\"wp-block-image size-large\"><a href=\"https:\/\/martawiecka.pl\/wp-content\/uploads\/2024\/01\/IMG-20240118-WA0000.webp\"><img loading=\"lazy\" decoding=\"async\" width=\"768\" height=\"1024\" data-id=\"4481\" src=\"https:\/\/martawiecka.pl\/wp-content\/uploads\/2024\/01\/IMG-20240118-WA0000-768x1024.webp\" alt=\"\" class=\"wp-image-4481\" srcset=\"https:\/\/martawiecka.pl\/wp-content\/uploads\/2024\/01\/IMG-20240118-WA0000-768x1024.webp 768w, https:\/\/martawiecka.pl\/wp-content\/uploads\/2024\/01\/IMG-20240118-WA0000-225x300.webp 225w, https:\/\/martawiecka.pl\/wp-content\/uploads\/2024\/01\/IMG-20240118-WA0000-1152x1536.webp 1152w, https:\/\/martawiecka.pl\/wp-content\/uploads\/2024\/01\/IMG-20240118-WA0000.webp 1440w\" sizes=\"auto, (max-width: 768px) 100vw, 768px\" \/><\/a><\/figure>\n\n\n\n<figure class=\"wp-block-image size-large\"><a href=\"https:\/\/martawiecka.pl\/wp-content\/uploads\/2024\/01\/IMG-20240118-WA0002.webp\"><img loading=\"lazy\" decoding=\"async\" width=\"768\" height=\"1024\" data-id=\"4482\" src=\"https:\/\/martawiecka.pl\/wp-content\/uploads\/2024\/01\/IMG-20240118-WA0002-768x1024.webp\" alt=\"\" class=\"wp-image-4482\" srcset=\"https:\/\/martawiecka.pl\/wp-content\/uploads\/2024\/01\/IMG-20240118-WA0002-768x1024.webp 768w, https:\/\/martawiecka.pl\/wp-content\/uploads\/2024\/01\/IMG-20240118-WA0002-225x300.webp 225w, https:\/\/martawiecka.pl\/wp-content\/uploads\/2024\/01\/IMG-20240118-WA0002-1152x1536.webp 1152w, https:\/\/martawiecka.pl\/wp-content\/uploads\/2024\/01\/IMG-20240118-WA0002.webp 1440w\" sizes=\"auto, (max-width: 768px) 100vw, 768px\" \/><\/a><\/figure>\n\n\n\n<figure class=\"wp-block-image size-large\"><a href=\"https:\/\/martawiecka.pl\/wp-content\/uploads\/2024\/01\/IMG-20240118-WA0005.webp\"><img loading=\"lazy\" decoding=\"async\" width=\"768\" height=\"1024\" data-id=\"4483\" src=\"https:\/\/martawiecka.pl\/wp-content\/uploads\/2024\/01\/IMG-20240118-WA0005-768x1024.webp\" alt=\"\" class=\"wp-image-4483\" srcset=\"https:\/\/martawiecka.pl\/wp-content\/uploads\/2024\/01\/IMG-20240118-WA0005-768x1024.webp 768w, https:\/\/martawiecka.pl\/wp-content\/uploads\/2024\/01\/IMG-20240118-WA0005-225x300.webp 225w, https:\/\/martawiecka.pl\/wp-content\/uploads\/2024\/01\/IMG-20240118-WA0005-1152x1536.webp 1152w, https:\/\/martawiecka.pl\/wp-content\/uploads\/2024\/01\/IMG-20240118-WA0005.webp 1440w\" sizes=\"auto, (max-width: 768px) 100vw, 768px\" \/><\/a><\/figure>\n\n\n\n<figure class=\"wp-block-image size-large\"><a href=\"https:\/\/martawiecka.pl\/wp-content\/uploads\/2024\/01\/IMG-20240118-WA0007.webp\"><img loading=\"lazy\" decoding=\"async\" width=\"768\" height=\"1024\" data-id=\"4484\" src=\"https:\/\/martawiecka.pl\/wp-content\/uploads\/2024\/01\/IMG-20240118-WA0007-768x1024.webp\" alt=\"\" class=\"wp-image-4484\" srcset=\"https:\/\/martawiecka.pl\/wp-content\/uploads\/2024\/01\/IMG-20240118-WA0007-768x1024.webp 768w, https:\/\/martawiecka.pl\/wp-content\/uploads\/2024\/01\/IMG-20240118-WA0007-225x300.webp 225w, https:\/\/martawiecka.pl\/wp-content\/uploads\/2024\/01\/IMG-20240118-WA0007-1152x1536.webp 1152w, https:\/\/martawiecka.pl\/wp-content\/uploads\/2024\/01\/IMG-20240118-WA0007.webp 1440w\" sizes=\"auto, (max-width: 768px) 100vw, 768px\" \/><\/a><\/figure>\n<\/figure>\n\n\n\n<p><\/p>\n","protected":false},"excerpt":{"rendered":"<p>150 lat temu w ma\u0142ej miejscowo\u015bci na p\u00f3\u0142nocy Polski urodzi\u0142a si\u0119 Marta&#8230;<\/p>\n","protected":false},"author":1,"featured_media":4480,"comment_status":"closed","ping_status":"closed","sticky":false,"template":"","format":"standard","meta":{"footnotes":""},"categories":[3],"tags":[],"class_list":["post-4461","post","type-post","status-publish","format-standard","has-post-thumbnail","hentry","category-wydarzenia"],"_links":{"self":[{"href":"https:\/\/martawiecka.pl\/index.php?rest_route=\/wp\/v2\/posts\/4461","targetHints":{"allow":["GET"]}}],"collection":[{"href":"https:\/\/martawiecka.pl\/index.php?rest_route=\/wp\/v2\/posts"}],"about":[{"href":"https:\/\/martawiecka.pl\/index.php?rest_route=\/wp\/v2\/types\/post"}],"author":[{"embeddable":true,"href":"https:\/\/martawiecka.pl\/index.php?rest_route=\/wp\/v2\/users\/1"}],"replies":[{"embeddable":true,"href":"https:\/\/martawiecka.pl\/index.php?rest_route=%2Fwp%2Fv2%2Fcomments&post=4461"}],"version-history":[{"count":6,"href":"https:\/\/martawiecka.pl\/index.php?rest_route=\/wp\/v2\/posts\/4461\/revisions"}],"predecessor-version":[{"id":4491,"href":"https:\/\/martawiecka.pl\/index.php?rest_route=\/wp\/v2\/posts\/4461\/revisions\/4491"}],"wp:featuredmedia":[{"embeddable":true,"href":"https:\/\/martawiecka.pl\/index.php?rest_route=\/wp\/v2\/media\/4480"}],"wp:attachment":[{"href":"https:\/\/martawiecka.pl\/index.php?rest_route=%2Fwp%2Fv2%2Fmedia&parent=4461"}],"wp:term":[{"taxonomy":"category","embeddable":true,"href":"https:\/\/martawiecka.pl\/index.php?rest_route=%2Fwp%2Fv2%2Fcategories&post=4461"},{"taxonomy":"post_tag","embeddable":true,"href":"https:\/\/martawiecka.pl\/index.php?rest_route=%2Fwp%2Fv2%2Ftags&post=4461"}],"curies":[{"name":"wp","href":"https:\/\/api.w.org\/{rel}","templated":true}]}}