{"id":2962,"date":"2021-06-16T08:50:43","date_gmt":"2021-06-16T06:50:43","guid":{"rendered":"https:\/\/martawiecka.pl\/?p=2962"},"modified":"2021-06-16T08:59:11","modified_gmt":"2021-06-16T06:59:11","slug":"xiii-rocznica-beatyfikacji","status":"publish","type":"post","link":"https:\/\/martawiecka.pl\/?p=2962","title":{"rendered":"XIII Rocznica beatyfikacji"},"content":{"rendered":"\n<p>Katolickie Stowarzyszenie B\u0142. S. Marty Wieckiej na Pomorzu wznawia organizowanie uroczystych rocznic beatyfikacji. Ju\u017c w sobot\u0119 26 czerwca <!--more-->czciciele B\u0142ogos\u0142awionej zapraszaj\u0105 do Nowego Wieca na spotkanie przy figurach b\u0142. Marty i \u015bw. Jana Nepomucena. O godz. 13:00 sprawowana b\u0119dzie uroczysta Msza \u015bw. z okazji XIII rocznicy beatyfikacji. <br \/><br \/>W programie spotkania b\u0119dzie r\u00f3wnie\u017c wyst\u0119p zespo\u0142u ewangelizacyjnego  \u201eNa ca\u0142y G\u0142os\u201d&#8221; z jego nowym, autorskim Koncertem \u201eChc\u0119 \u017by\u0107\u201d o warto\u015bciach, pasjach, Polsce i radosnym \u017cyciu!<br \/><br \/>Uroczysto\u015b\u0107 odb\u0119dzie si\u0119 na \u015bwie\u017cym powietrzu z zachowaniem obowi\u0105zuj\u0105cych zasad.<br \/><br \/><\/p>\n\n\n\n<div class=\"wp-block-image\"><figure class=\"aligncenter size-large is-resized\"><a href=\"https:\/\/martawiecka.pl\/wp-content\/uploads\/2021\/06\/XIII-Rocznica.jpg\" rel=\"lightbox[2962]\"><img loading=\"lazy\" decoding=\"async\" src=\"https:\/\/martawiecka.pl\/wp-content\/uploads\/2021\/06\/XIII-Rocznica-724x1024.jpg\" alt=\"\" class=\"wp-image-2964\" width=\"543\" height=\"768\" srcset=\"https:\/\/martawiecka.pl\/wp-content\/uploads\/2021\/06\/XIII-Rocznica-724x1024.jpg 724w, https:\/\/martawiecka.pl\/wp-content\/uploads\/2021\/06\/XIII-Rocznica-212x300.jpg 212w, https:\/\/martawiecka.pl\/wp-content\/uploads\/2021\/06\/XIII-Rocznica-768x1086.jpg 768w, https:\/\/martawiecka.pl\/wp-content\/uploads\/2021\/06\/XIII-Rocznica-1086x1536.jpg 1086w, https:\/\/martawiecka.pl\/wp-content\/uploads\/2021\/06\/XIII-Rocznica.jpg 1240w\" sizes=\"auto, (max-width: 543px) 100vw, 543px\" \/><\/a><\/figure><\/div>\n","protected":false},"excerpt":{"rendered":"<p>Katolickie Stowarzyszenie B\u0142. S. Marty Wieckiej na Pomorzu wznawia organizowanie uroczystych rocznic beatyfikacji. Ju\u017c w sobot\u0119 26 czerwca<\/p>\n","protected":false},"author":1,"featured_media":2967,"comment_status":"closed","ping_status":"closed","sticky":false,"template":"","format":"standard","meta":{"footnotes":""},"categories":[3],"tags":[],"class_list":["post-2962","post","type-post","status-publish","format-standard","has-post-thumbnail","hentry","category-wydarzenia"],"_links":{"self":[{"href":"https:\/\/martawiecka.pl\/index.php?rest_route=\/wp\/v2\/posts\/2962","targetHints":{"allow":["GET"]}}],"collection":[{"href":"https:\/\/martawiecka.pl\/index.php?rest_route=\/wp\/v2\/posts"}],"about":[{"href":"https:\/\/martawiecka.pl\/index.php?rest_route=\/wp\/v2\/types\/post"}],"author":[{"embeddable":true,"href":"https:\/\/martawiecka.pl\/index.php?rest_route=\/wp\/v2\/users\/1"}],"replies":[{"embeddable":true,"href":"https:\/\/martawiecka.pl\/index.php?rest_route=%2Fwp%2Fv2%2Fcomments&post=2962"}],"version-history":[{"count":6,"href":"https:\/\/martawiecka.pl\/index.php?rest_route=\/wp\/v2\/posts\/2962\/revisions"}],"predecessor-version":[{"id":2970,"href":"https:\/\/martawiecka.pl\/index.php?rest_route=\/wp\/v2\/posts\/2962\/revisions\/2970"}],"wp:featuredmedia":[{"embeddable":true,"href":"https:\/\/martawiecka.pl\/index.php?rest_route=\/wp\/v2\/media\/2967"}],"wp:attachment":[{"href":"https:\/\/martawiecka.pl\/index.php?rest_route=%2Fwp%2Fv2%2Fmedia&parent=2962"}],"wp:term":[{"taxonomy":"category","embeddable":true,"href":"https:\/\/martawiecka.pl\/index.php?rest_route=%2Fwp%2Fv2%2Fcategories&post=2962"},{"taxonomy":"post_tag","embeddable":true,"href":"https:\/\/martawiecka.pl\/index.php?rest_route=%2Fwp%2Fv2%2Ftags&post=2962"}],"curies":[{"name":"wp","href":"https:\/\/api.w.org\/{rel}","templated":true}]}}