{"id":2811,"date":"2018-05-20T03:51:33","date_gmt":"2018-05-20T01:51:33","guid":{"rendered":"http:\/\/martawiecka.pl\/?p=2811"},"modified":"2018-05-20T03:58:43","modified_gmt":"2018-05-20T01:58:43","slug":"uroczystosci-na-pomorzu","status":"publish","type":"post","link":"https:\/\/martawiecka.pl\/?p=2811","title":{"rendered":"Uroczysto\u015bci na Pomorzu"},"content":{"rendered":"<p>Z okazji X rocznicy beatyfikacji Marty Wieckiej zaplanowano w jej rodzinnych stronach szereg wydarze\u0144.<!--more--> Harmonogram uroczysto\u015bci umieszczono na za\u0142\u0105czonym plakacie. <span id=\"fbPhotoSnowliftCaption\" class=\"fbPhotosPhotoCaption\" tabindex=\"0\" aria-live=\"polite\" data-ft=\"{&quot;tn&quot;:&quot;K&quot;}\"><span class=\"hasCaption\">Obchody centralne zaplanowane s\u0105 na 2 czerwca 2018 o godz. 12.30 w Nowym Wiecu.<\/span><\/span><\/p>\n<p>Szczeg\u00f3lne zaproszenie do modlitwy za przyczyn\u0105 naszej b\u0142ogos\u0142awionej skierowane jest do pracownik\u00f3w s\u0142u\u017cby zdrowia, ale tak\u017ce chorych, niepe\u0142nosprawnych i ich opiekun\u00f3w.<\/p>\n<p><a href=\"https:\/\/martawiecka.pl\/wp-content\/uploads\/2018\/05\/plakat-Marta2.jpg\" rel=\"lightbox[2811]\"><img loading=\"lazy\" decoding=\"async\" class=\"aligncenter size-large wp-image-2813\" src=\"https:\/\/martawiecka.pl\/wp-content\/uploads\/2018\/05\/plakat-Marta2-725x1024.jpg\" alt=\"\" width=\"610\" height=\"862\" srcset=\"https:\/\/martawiecka.pl\/wp-content\/uploads\/2018\/05\/plakat-Marta2-725x1024.jpg 725w, https:\/\/martawiecka.pl\/wp-content\/uploads\/2018\/05\/plakat-Marta2-212x300.jpg 212w, https:\/\/martawiecka.pl\/wp-content\/uploads\/2018\/05\/plakat-Marta2.jpg 743w\" sizes=\"auto, (max-width: 610px) 100vw, 610px\" \/><\/a><\/p>\n","protected":false},"excerpt":{"rendered":"<p>Z okazji X rocznicy beatyfikacji Marty Wieckiej zaplanowano w jej rodzinnych stronach szereg wydarze\u0144.<\/p>\n","protected":false},"author":1,"featured_media":2817,"comment_status":"closed","ping_status":"closed","sticky":false,"template":"","format":"standard","meta":{"footnotes":""},"categories":[3],"tags":[],"class_list":["post-2811","post","type-post","status-publish","format-standard","has-post-thumbnail","hentry","category-wydarzenia"],"_links":{"self":[{"href":"https:\/\/martawiecka.pl\/index.php?rest_route=\/wp\/v2\/posts\/2811","targetHints":{"allow":["GET"]}}],"collection":[{"href":"https:\/\/martawiecka.pl\/index.php?rest_route=\/wp\/v2\/posts"}],"about":[{"href":"https:\/\/martawiecka.pl\/index.php?rest_route=\/wp\/v2\/types\/post"}],"author":[{"embeddable":true,"href":"https:\/\/martawiecka.pl\/index.php?rest_route=\/wp\/v2\/users\/1"}],"replies":[{"embeddable":true,"href":"https:\/\/martawiecka.pl\/index.php?rest_route=%2Fwp%2Fv2%2Fcomments&post=2811"}],"version-history":[{"count":4,"href":"https:\/\/martawiecka.pl\/index.php?rest_route=\/wp\/v2\/posts\/2811\/revisions"}],"predecessor-version":[{"id":2819,"href":"https:\/\/martawiecka.pl\/index.php?rest_route=\/wp\/v2\/posts\/2811\/revisions\/2819"}],"wp:featuredmedia":[{"embeddable":true,"href":"https:\/\/martawiecka.pl\/index.php?rest_route=\/wp\/v2\/media\/2817"}],"wp:attachment":[{"href":"https:\/\/martawiecka.pl\/index.php?rest_route=%2Fwp%2Fv2%2Fmedia&parent=2811"}],"wp:term":[{"taxonomy":"category","embeddable":true,"href":"https:\/\/martawiecka.pl\/index.php?rest_route=%2Fwp%2Fv2%2Fcategories&post=2811"},{"taxonomy":"post_tag","embeddable":true,"href":"https:\/\/martawiecka.pl\/index.php?rest_route=%2Fwp%2Fv2%2Ftags&post=2811"}],"curies":[{"name":"wp","href":"https:\/\/api.w.org\/{rel}","templated":true}]}}