{"id":2806,"date":"2018-04-14T21:22:48","date_gmt":"2018-04-14T19:22:48","guid":{"rendered":"http:\/\/martawiecka.pl\/?p=2806"},"modified":"2018-05-20T03:53:05","modified_gmt":"2018-05-20T01:53:05","slug":"10-rocznica-beatyfikacji","status":"publish","type":"post","link":"https:\/\/martawiecka.pl\/?p=2806","title":{"rendered":"10 Rocznica Beatyfikacji"},"content":{"rendered":"<p>W tym roku przypada 10-ta rocznica beatyfikacji s. Marty Wieckiej. Z tej okazji Katolickie Stowarzyszenie B\u0142ogos\u0142awionej Siostry Marty<!--more--> Wieckiej serdecznie zaprasza na szereg wydarze\u0144 w jej rodzinnych stronach.<\/p>\n<p><img loading=\"lazy\" decoding=\"async\" class=\"aligncenter size-large wp-image-2808\" src=\"https:\/\/martawiecka.pl\/wp-content\/uploads\/2018\/04\/plakatMW_P-724x1024.jpg\" alt=\"\" width=\"610\" height=\"863\" srcset=\"https:\/\/martawiecka.pl\/wp-content\/uploads\/2018\/04\/plakatMW_P-724x1024.jpg 724w, https:\/\/martawiecka.pl\/wp-content\/uploads\/2018\/04\/plakatMW_P-212x300.jpg 212w, https:\/\/martawiecka.pl\/wp-content\/uploads\/2018\/04\/plakatMW_P-768x1086.jpg 768w, https:\/\/martawiecka.pl\/wp-content\/uploads\/2018\/04\/plakatMW_P.jpg 849w\" sizes=\"auto, (max-width: 610px) 100vw, 610px\" \/><\/p>\n","protected":false},"excerpt":{"rendered":"<p>W tym roku przypada 10-ta rocznica beatyfikacji s. Marty Wieckiej. Z tej okazji Katolickie Stowarzyszenie B\u0142ogos\u0142awionej Siostry Marty<\/p>\n","protected":false},"author":1,"featured_media":2808,"comment_status":"closed","ping_status":"closed","sticky":false,"template":"","format":"standard","meta":{"footnotes":""},"categories":[3],"tags":[],"class_list":["post-2806","post","type-post","status-publish","format-standard","has-post-thumbnail","hentry","category-wydarzenia"],"_links":{"self":[{"href":"https:\/\/martawiecka.pl\/index.php?rest_route=\/wp\/v2\/posts\/2806","targetHints":{"allow":["GET"]}}],"collection":[{"href":"https:\/\/martawiecka.pl\/index.php?rest_route=\/wp\/v2\/posts"}],"about":[{"href":"https:\/\/martawiecka.pl\/index.php?rest_route=\/wp\/v2\/types\/post"}],"author":[{"embeddable":true,"href":"https:\/\/martawiecka.pl\/index.php?rest_route=\/wp\/v2\/users\/1"}],"replies":[{"embeddable":true,"href":"https:\/\/martawiecka.pl\/index.php?rest_route=%2Fwp%2Fv2%2Fcomments&post=2806"}],"version-history":[{"count":2,"href":"https:\/\/martawiecka.pl\/index.php?rest_route=\/wp\/v2\/posts\/2806\/revisions"}],"predecessor-version":[{"id":2816,"href":"https:\/\/martawiecka.pl\/index.php?rest_route=\/wp\/v2\/posts\/2806\/revisions\/2816"}],"wp:featuredmedia":[{"embeddable":true,"href":"https:\/\/martawiecka.pl\/index.php?rest_route=\/wp\/v2\/media\/2808"}],"wp:attachment":[{"href":"https:\/\/martawiecka.pl\/index.php?rest_route=%2Fwp%2Fv2%2Fmedia&parent=2806"}],"wp:term":[{"taxonomy":"category","embeddable":true,"href":"https:\/\/martawiecka.pl\/index.php?rest_route=%2Fwp%2Fv2%2Fcategories&post=2806"},{"taxonomy":"post_tag","embeddable":true,"href":"https:\/\/martawiecka.pl\/index.php?rest_route=%2Fwp%2Fv2%2Ftags&post=2806"}],"curies":[{"name":"wp","href":"https:\/\/api.w.org\/{rel}","templated":true}]}}