{"id":2525,"date":"2016-05-04T13:50:36","date_gmt":"2016-05-04T11:50:36","guid":{"rendered":"http:\/\/martawiecka.pl\/?p=2525"},"modified":"2016-05-04T14:03:48","modified_gmt":"2016-05-04T12:03:48","slug":"viii-rocznica-beatyfikacji","status":"publish","type":"post","link":"https:\/\/martawiecka.pl\/?p=2525","title":{"rendered":"VIII rocznica beatyfikacji"},"content":{"rendered":"<p style=\"text-align: justify;\">VIII rocznic\u0119 beatyfikacji Siostry Marty b\u0119dziemy obchodzi\u0107 w\u00a0jej\u00a0rodzinnych stronach w dniach od 27 do 30 maja 2016 r. pod has\u0142em\u00a0,,B\u0142ogos\u0142awiona Siostra Marta Wiecka \u2013 Wz\u00f3r Mi\u0142osierdzia\u201d.\u00a0<!--more-->W programie zaplanowano cztery dni modlitwy. G\u0142\u00f3wne uroczysto\u015bci odb\u0119d\u0105 si\u0119 28 maja o godz. 13.00 w Nowym Wiecu. Przewodniczy\u0107 im b\u0119dzie Jego Ekscelencja Ksi\u0105dz Biskup dr hab. Wies\u0142aw \u015amigiel. W pozosta\u0142e dni b\u0119dziemy mieli mo\u017cliwo\u015b\u0107 modlitwy m.in. za ma\u0142\u017ce\u0144stwa, chorych i cierpi\u0105cych, a tak\u017ce obejrze\u0107 film i wys\u0142ucha\u0107 \u015bwiadectwa osoby, kt\u00f3ra prze\u017cy\u0142a \u015bmier\u0107 kliniczn\u0105.<\/p>\n<p style=\"text-align: justify;\">Wa\u017cnym punktem tegorocznych obchod\u00f3w b\u0119dzie przekazanie przez Prowincj\u0119 Krakowsk\u0105 Zgromadzenia Si\u00f3str Mi\u0142osierdzia \u015bw. Wincentego a Paulo, relikwii II stopnia b\u0142. s. Marty w formie fragmentu listu lub modlitewnika dla Katolickiego Stowarzyszenia oraz Parafii pw. \u015aw. Micha\u0142a Archanio\u0142a w Skarszewach.<\/p>\n<p><a href=\"https:\/\/martawiecka.pl\/wp-content\/uploads\/2016\/05\/plakat2016.jpg\" rel=\"lightbox[2525]\"><img loading=\"lazy\" decoding=\"async\" class=\"aligncenter wp-image-2526\" src=\"https:\/\/martawiecka.pl\/wp-content\/uploads\/2016\/05\/plakat2016-728x1024.jpg\" alt=\"plakat2016\" width=\"500\" height=\"703\" srcset=\"https:\/\/martawiecka.pl\/wp-content\/uploads\/2016\/05\/plakat2016.jpg 728w, https:\/\/martawiecka.pl\/wp-content\/uploads\/2016\/05\/plakat2016-213x300.jpg 213w\" sizes=\"auto, (max-width: 500px) 100vw, 500px\" \/><\/a><\/p>\n","protected":false},"excerpt":{"rendered":"<p>VIII rocznic\u0119 beatyfikacji Siostry Marty b\u0119dziemy obchodzi\u0107 w\u00a0jej\u00a0rodzinnych stronach w dniach od 27 do 30 maja 2016 r. pod has\u0142em\u00a0,,B\u0142ogos\u0142awiona Siostra Marta Wiecka \u2013 Wz\u00f3r Mi\u0142osierdzia\u201d.\u00a0<\/p>\n","protected":false},"author":1,"featured_media":2530,"comment_status":"closed","ping_status":"closed","sticky":false,"template":"","format":"standard","meta":{"footnotes":""},"categories":[3],"tags":[],"class_list":["post-2525","post","type-post","status-publish","format-standard","has-post-thumbnail","hentry","category-wydarzenia"],"_links":{"self":[{"href":"https:\/\/martawiecka.pl\/index.php?rest_route=\/wp\/v2\/posts\/2525","targetHints":{"allow":["GET"]}}],"collection":[{"href":"https:\/\/martawiecka.pl\/index.php?rest_route=\/wp\/v2\/posts"}],"about":[{"href":"https:\/\/martawiecka.pl\/index.php?rest_route=\/wp\/v2\/types\/post"}],"author":[{"embeddable":true,"href":"https:\/\/martawiecka.pl\/index.php?rest_route=\/wp\/v2\/users\/1"}],"replies":[{"embeddable":true,"href":"https:\/\/martawiecka.pl\/index.php?rest_route=%2Fwp%2Fv2%2Fcomments&post=2525"}],"version-history":[{"count":2,"href":"https:\/\/martawiecka.pl\/index.php?rest_route=\/wp\/v2\/posts\/2525\/revisions"}],"predecessor-version":[{"id":2529,"href":"https:\/\/martawiecka.pl\/index.php?rest_route=\/wp\/v2\/posts\/2525\/revisions\/2529"}],"wp:featuredmedia":[{"embeddable":true,"href":"https:\/\/martawiecka.pl\/index.php?rest_route=\/wp\/v2\/media\/2530"}],"wp:attachment":[{"href":"https:\/\/martawiecka.pl\/index.php?rest_route=%2Fwp%2Fv2%2Fmedia&parent=2525"}],"wp:term":[{"taxonomy":"category","embeddable":true,"href":"https:\/\/martawiecka.pl\/index.php?rest_route=%2Fwp%2Fv2%2Fcategories&post=2525"},{"taxonomy":"post_tag","embeddable":true,"href":"https:\/\/martawiecka.pl\/index.php?rest_route=%2Fwp%2Fv2%2Ftags&post=2525"}],"curies":[{"name":"wp","href":"https:\/\/api.w.org\/{rel}","templated":true}]}}